{"id":2434,"date":"2025-03-14T17:15:00","date_gmt":"2025-03-14T16:15:00","guid":{"rendered":"https:\/\/presto.digiamo.cz\/presto\/?p=2434"},"modified":"2025-07-06T19:46:15","modified_gmt":"2025-07-06T17:46:15","slug":"bosenstina","status":"publish","type":"post","link":"https:\/\/www.presto.cz\/cz\/bosenstina","title":{"rendered":"Bosen\u0161tina"},"content":{"rendered":"\n<p>Jazyk, kter\u00fd vznikl po ob\u010dansk\u00e9 v\u00e1lce v&nbsp;b\u00fdval\u00e9 Jugosl\u00e1vii jako standardizovan\u00e1 norma p\u0159edch\u00e1zej\u00edc\u00ed srbochorvat\u0161tiny, se dnes naz\u00fdv\u00e1 bosen\u0161tina. Zaj\u00edm\u00e1 v\u00e1s, kdo t\u00edmto jazykem hovo\u0159\u00ed a&nbsp;\u010d\u00edm se vyzna\u010duje?<\/p>\n\n\n\n<figure class=\"wp-block-image size-large\"><img loading=\"lazy\" decoding=\"async\" width=\"683\" height=\"1024\" src=\"https:\/\/www.presto.cz\/wp-content\/uploads\/2025\/03\/image-69-683x1024.png\" alt=\"\" class=\"wp-image-2435\" srcset=\"https:\/\/www.presto.cz\/wp-content\/uploads\/2025\/03\/image-69-683x1024.png 683w, https:\/\/www.presto.cz\/wp-content\/uploads\/2025\/03\/image-69-200x300.png 200w, https:\/\/www.presto.cz\/wp-content\/uploads\/2025\/03\/image-69.png 720w\" sizes=\"auto, (max-width: 683px) 100vw, 683px\" \/><\/figure>\n\n\n\n<h2 class=\"wp-block-heading\">Co je bosen\u0161tina?<\/h2>\n\n\n\n<p>Bosen\u0161tina je vedle\u00a0<strong><a href=\"https:\/\/www.presto.cz\/cz\/chorvatstina\">chorvat\u0161tiny<\/a><\/strong>\u00a0a\u00a0<a href=\"page\/preklady-sr\"><strong>srb\u0161tiny<\/strong><\/a>\u00a0<strong>jedn\u00edm ze t\u0159\u00ed \u00fa\u0159edn\u00edch jazyk\u016f na \u00fazem\u00ed Bosny a&nbsp;Hercegoviny (BaH)<\/strong>, ale hovo\u0159\u00ed se j\u00ed i&nbsp;v&nbsp;dal\u0161\u00edch zem\u00edch. Jmenovit\u011b v\u00a0Chorvatsku, Srbsku a&nbsp;\u010cern\u00e9 ho\u0159e. Rozd\u00edly mezi bosen\u0161tinou, chorvat\u0161tinou a&nbsp;srb\u0161tinou jsou opravdu minim\u00e1ln\u00ed, p\u0159esto ve\u0161ker\u00e9 \u00fa\u0159edn\u00ed dokumenty musej\u00ed b\u00fdt ps\u00e1ny v\u0161emi t\u0159emi\u00a0<strong><a href=\"https:\/\/www.presto.cz\/cz\/uredni-jazyk\">\u00fa\u0159edn\u00edmi jazyky<\/a><\/strong>.<\/p>\n\n\n\n<p>Hlavn\u00ed odli\u0161nosti mezi jazyky spo\u010d\u00edvaj\u00ed zejm\u00e9na ve v\u00fdslovnosti a&nbsp;pou\u017eit\u00ed slov, av\u0161ak i&nbsp;ty jsou \u010dasto zanedbateln\u00e9. Bosen\u0161tina a&nbsp;chorvat\u0161tina jsou v\u0161ak ps\u00e1ny latinkou, zat\u00edmco srb\u0161tina u\u017e\u00edv\u00e1 cyrilici. Bosen\u0161tina je v&nbsp;BaH&nbsp;<strong>jazykem muslimsk\u00e9ho etnika<\/strong>&nbsp;a&nbsp;jedn\u00e1 se o&nbsp;<strong>standardizovan\u00fd \u00fatvar b\u00fdval\u00e9&nbsp;<a href=\"https:\/\/cs.wikipedia.org\/wiki\/Srbochorvat%C5%A1tina\">srbochorvat\u0161tiny<\/a><\/strong>. Ta byla \u00fa\u0159edn\u00edm jazykem Jugosl\u00e1vie do roku 1992.<\/p>\n\n\n\n<h2 class=\"wp-block-heading\">Vznik samostatn\u00fdch jazyk\u016f Bosny a&nbsp;Hercegoviny<\/h2>\n\n\n\n<p>Tento jazykov\u00fd babylon se m\u016f\u017ee zd\u00e1t pon\u011bkud matouc\u00ed, ale m\u00e1 sv\u00e9 opodstatn\u011bn\u00ed. Bosna a&nbsp;Hercegovina sest\u00e1v\u00e1 ze t\u0159\u00ed konstitutivn\u00edch n\u00e1rod\u016f a&nbsp;je tedy&nbsp;<strong>domovem t\u0159\u00ed odli\u0161n\u00fdch etnick\u00fdch skupin<\/strong>.<\/p>\n\n\n\n<p>Ty se ofici\u00e1ln\u011b naz\u00fdvaj\u00ed Bos\u0148\u00e1kov\u00e9 (kte\u0159\u00ed se hl\u00e1s\u00ed k&nbsp;isl\u00e1msk\u00e9mu n\u00e1bo\u017eenstv\u00ed), Srbov\u00e9 (z&nbsp;nich\u017e v\u011bt\u0161ina uzn\u00e1v\u00e1 pravoslavnou c\u00edrkvi) a&nbsp;Chorvat\u00e9 (je\u017e jsou p\u0159ev\u00e1\u017en\u011b \u0159\u00edmskokatolick\u00e9ho vyzn\u00e1n\u00ed). Bez ohledu na etnicitu je v\u0161ak&nbsp;<strong>ka\u017ed\u00fd obyvatel n\u00e1roda pova\u017eov\u00e1n za Bos\u0148ana<\/strong>.<\/p>\n\n\n\n<p>Dne\u0161n\u00ed jazykov\u00e1 situace tedy odr\u00e1\u017e\u00ed slo\u017eit\u00e9 etnokulturn\u00ed, n\u00e1rodn\u011b-integra\u010dn\u00ed a&nbsp;konfesion\u00e1ln\u00ed procesy. Zat\u00edmco do roku 1992 byla je\u0161t\u011b&nbsp;<strong>za<\/strong>&nbsp;<strong>\u00fa\u0159edn\u00ed jazyk pova\u017eov\u00e1na srbochorvat\u0161tina<\/strong>, o&nbsp;n\u011bkolik let pozd\u011bji, konkr\u00e9tn\u011b po ob\u010dansk\u00e9 v\u00e1lce v&nbsp;letech 1992 \u2013 1995, bosen\u0161t\u00ed Chorvat\u00e9 a&nbsp;bosen\u0161t\u00ed Srbov\u00e9 za\u010daly v&nbsp;jazykov\u00e9 politice n\u00e1sledovat sv\u00e1 n\u00e1rodn\u00ed centra a&nbsp;svoje jazyky nazvaly chorvatsk\u00fd a&nbsp;srbsk\u00fd.<\/p>\n\n\n\n<h3 class=\"wp-block-heading\">Vznik bosen\u0161tiny<\/h3>\n\n\n\n<p>Bosen\u0161t\u00ed muslimov\u00e9 n\u00e1sledn\u011b&nbsp;<strong>ozna\u010dili srbochorvat\u0161tinu jako bosensk\u00fd jazyk<\/strong>, p\u0159i\u010dem\u017e tento term\u00edn m\u011bl ozna\u010dovat jazyk v\u0161ech obyvatel zem\u011b bez ohledu na n\u00e1rodn\u00ed p\u0159\u00edslu\u0161nost. To bylo bohu\u017eel v&nbsp;dob\u011b vypjat\u00fdch nacionalism\u016f nerealizovateln\u00e9, a&nbsp;tak bosen\u0161tina z\u016fstala pouze jazykem Bos\u0148\u00e1k\u016f.<\/p>\n\n\n\n<p>Srbov\u00e9 a&nbsp;Chorvat\u00e9 se proto sp\u00ed\u0161e p\u0159ikl\u00e1n\u011bli k&nbsp;tomu, aby jazyk byl naz\u00fdv\u00e1n \u201ebos\u0148\u00e1ck\u00fd\u201c. Bos\u0148\u00e1ci v\u0161ak preferuj\u00ed st\u00e1vaj\u00edc\u00ed variantu. V&nbsp;roce 2002 byla uzn\u00e1na&nbsp;<strong>rovnopr\u00e1vnost v\u0161ech 3 konstitutivn\u00edch n\u00e1rod\u016f i&nbsp;obou p\u00edsem<\/strong>, \u010dili latinky a&nbsp;cyrilice.<\/p>\n\n\n\n<h2 class=\"wp-block-heading\">Specifika bosen\u0161tiny<\/h2>\n\n\n\n<p>Rozli\u0161en\u00ed bosen\u0161tiny od dal\u0161\u00edch dvou \u00fa\u0159edn\u00edch jazyk\u016f je pom\u011brn\u011b obt\u00ed\u017en\u00e9, nebo\u0165&nbsp;<strong>v\u011bt\u0161ina neorient\u00e1ln\u00edch jazykov\u00fdch prvk\u016f je shodn\u00e1 se srbsk\u00fdmi<\/strong>, o&nbsp;n\u011bco m\u00e9n\u011b s&nbsp;chorvatsk\u00fdmi a&nbsp;n\u011bkter\u00e9 m\u00e1 spole\u010dn\u00e9 s&nbsp;ob\u011bma. Dokonce n\u011bkte\u0159\u00ed Bos\u0148\u00e1ci hovo\u0159\u00ed srbsky nebo chorvatsky, podle toho, v&nbsp;jak\u00e9 \u010d\u00e1sti \u00fazem\u00ed \u017eij\u00ed.<\/p>\n\n\n\n<p>Dokonce idiolekty Bos\u0148\u00e1ka a&nbsp;Srba ze stejn\u00e9 \u010dtvrti jsou v\u00edce podobn\u00e9 ne\u017e nap\u0159\u00edklad idiolekt Srba ze Sarajeva a&nbsp;Srba z&nbsp;Kragujevce. Rozd\u00edl mezi jazyky lze tedy&nbsp;<strong>p\u0159irovnat k&nbsp;odli\u0161nostem jako mezi n\u00e1\u0159e\u010d\u00edmi na Morav\u011b a&nbsp;Ostravsku<\/strong>. Bosen\u0161tina m\u00e1 d\u00e1le p\u011bt dialekt\u016f, a&nbsp;t\u011bmi jsou:<\/p>\n\n\n\n<ul class=\"wp-block-list\">\n<li>V\u00fdchodohercegovsk\u00fd (600&nbsp;000 mluv\u010d\u00edch)<\/li>\n\n\n\n<li>Zetsko-sjenick\u00fd (220&nbsp;000 mluv\u010d\u00edch)<\/li>\n\n\n\n<li>V\u00fdchodobosensk\u00fd (800&nbsp;000 mluv\u010d\u00edch)<\/li>\n\n\n\n<li>Vovo\u0161tokavsk\u00fd ikavsk\u00fd \u010di mlad\u0161\u00ed ikavsk\u00fd (200&nbsp;000 mluv\u010d\u00edch)<\/li>\n\n\n\n<li>Kosovsko-resavsk\u00fd (70&nbsp;000 mluv\u010d\u00edch, v&nbsp;Sand\u017eaku)<\/li>\n<\/ul>\n\n\n\n<p>Jazyk se v\u0161ak od chorvat\u0161tiny a&nbsp;srb\u0161tiny odli\u0161uje&nbsp;<strong>u\u017e\u00edv\u00e1n\u00edm orientalism\u016f<\/strong>&nbsp;(arabism\u016f a&nbsp;turcism\u016f) a&nbsp;d\u00e1le tak\u00e9 pou\u017e\u00edv\u00e1n\u00edm&nbsp;<strong>p\u00edsmen&nbsp;<em>h<\/em>&nbsp;a&nbsp;<em>f<\/em><\/strong>&nbsp;ve v\u0161edn\u00edch slovech. Na rozd\u00edl od zmi\u0148ovan\u00fdch jazyk\u016f toti\u017e nem\u00e1 vymezen\u00fd vztah k&nbsp;purism\u016fm (\u00fasil\u00edm o&nbsp;\u010distotu jazyka) ani internacionalism\u016fm (mezin\u00e1rodn\u00edm v\u00fdraz\u016fm). Nap\u0159\u00edklad n\u00e1zvy m\u011bs\u00edc\u016f jako&nbsp;<em>Oktobar<\/em>&nbsp;a&nbsp;<em>April<\/em>&nbsp;poch\u00e1zej\u00ed ze z\u00e1padn\u00edch jazyk\u016f.<\/p>\n\n\n\n<h2 class=\"wp-block-heading\">Uk\u00e1zka jazyka<\/h2>\n\n\n\n<p>N\u00ed\u017ee v&nbsp;tabulce m\u016f\u017eete porovnat podobnost mezi bosen\u0161tinou, chorvat\u0161tinou a&nbsp;srb\u0161tinou a&nbsp; m\u016f\u017eete si z\u00e1rove\u0148 pov\u0161imnou, \u017ee pro \u010desk\u00e9 mluv\u010d\u00ed nen\u00ed a\u017e tak nesrozumiteln\u00e1.<\/p>\n\n\n\n<figure class=\"wp-block-table\"><table class=\"has-fixed-layout\"><tbody><tr><td><strong>\u010ce<\/strong><strong>\u0161tina<\/strong><\/td><td><strong>bosen\u0161tina<\/strong><\/td><td><strong>Chorvat<\/strong><strong>\u0161tina<\/strong><\/td><td><strong>Srb<\/strong><strong>\u0161tina<\/strong><\/td><\/tr><tr><td><strong>Dobr\u00e9 r\u00e1no<\/strong><\/td><td>Dobro jutro<\/td><td>Dobro jutro<\/td><td>\u0414\u043e\u0431\u0440\u043e \u0458\u0443\u0442\u0440\u043e<\/td><\/tr><tr><td><\/td><td><\/td><td><\/td><td><em>(Dobro jutro)<\/em><\/td><\/tr><tr><td><strong>Dobr\u00fd den<\/strong><\/td><td>Dobar dan<\/td><td>Dobar dan<\/td><td>\u0417\u0434\u0440\u0430\u0432\u043e<\/td><\/tr><tr><td><\/td><td><\/td><td><\/td><td><em>(Zdravo)<\/em><\/td><\/tr><tr><td><strong>Dobr\u00fd ve\u010der<\/strong><\/td><td>Dobro ve\u010der<\/td><td>Dobra ve\u010der<\/td><td>\u0414\u043e\u0431\u0440\u043e \u0432\u0435\u0447\u0435<\/td><\/tr><tr><td><\/td><td><\/td><td><\/td><td><em>(Dobro ve\u010de)<\/em><\/td><\/tr><tr><td><strong>Jak se m\u00e1\u0161\/m\u00e1te?<\/strong><\/td><td>Kako si\/ste?<\/td><td>Kako si\/ste?<\/td><td>\u041a\u0430\u043a\u043e \u0441\u0438\/\u0441\u0442\u0435 \u0412\u0438?<\/td><\/tr><tr><td><\/td><td><\/td><td><\/td><td><em>(Kako si\/ste Vi?)<\/em><\/td><\/tr><tr><td><strong>D\u011bkuji, dob\u0159e.<\/strong><\/td><td>Ja sam dobro, hvala.<\/td><td>Hvala, dobro.<\/td><td>\u0414\u043e\u0431\u0440\u043e \u0441\u0430\u043c, \u0445\u0432\u0430\u043b\u0430.<\/td><\/tr><tr><td><\/td><td><\/td><td><\/td><td><em>(Dobro sam, hvala.)<\/em><\/td><\/tr><tr><td><strong>Jak se jmenuje\u0161?<\/strong><\/td><td>Kako se zove\u0161?<\/td><td>Kako se zove\u0161?<\/td><td>\u041a\u0430\u043a\u043e \u0441\u0435 \u0437\u043e\u0432\u0435\u0448?<\/td><\/tr><tr><td><\/td><td><\/td><td><\/td><td><em>(Kako se zove\u0161?)<\/em><\/td><\/tr><tr><td><strong>Jmenuji se \u2026<\/strong><\/td><td>Zovem se \u2026<\/td><td>Zovem se \u2026<\/td><td>\u0417\u043e\u0432\u0435\u043c \u0441\u0435 &#8230;<\/td><\/tr><tr><td><\/td><td><\/td><td><\/td><td><em>(Zovem se \u2026)<\/em><\/td><\/tr><tr><td><strong>Odkud jste?<\/strong><\/td><td>Odakle dolazite?<\/td><td>Odakle ste?<\/td><td>\u041e\u0434\u0430\u043a\u043b\u0435 \u0441\u0442\u0435?<\/td><\/tr><tr><td><\/td><td><\/td><td><\/td><td><em>(Odakle ste?)<\/em><\/td><\/tr><tr><td><strong>Na zdrav\u00ed!<\/strong><\/td><td>\u017divjeli!<\/td><td>\u017divjeli!<\/td><td>\u0416\u0438\u0432\u0435\u043b\u0438!<\/td><\/tr><tr><td><\/td><td><\/td><td><\/td><td><em>(\u017diveli!)<\/em><\/td><\/tr><tr><td><strong>Nerozum\u00edm<\/strong><\/td><td>Ne razumijem<\/td><td>Ne razumijem<\/td><td>\u041d\u0435 \u0440\u0430\u0437\u0443\u043c\u0435\u043c<\/td><\/tr><tr><td><\/td><td><\/td><td><\/td><td><em>(Ne razumem)<\/em><\/td><\/tr><tr><td><strong>Pros\u00edm<\/strong><\/td><td>Molim<\/td><td>Molim<\/td><td>\u041c\u043e\u043b\u0438\u043c<\/td><\/tr><tr><td><\/td><td><\/td><td><\/td><td><em>(Molim)<\/em><\/td><\/tr><tr><td><strong>D\u011bkuji<\/strong><\/td><td>Hvala<\/td><td>Hvala<\/td><td>\u0425\u0432\u0430\u043b\u0430<\/td><\/tr><\/tbody><\/table><\/figure>\n\n\n\n<h2 class=\"wp-block-heading\">Dal\u0161\u00ed p\u0159\u00edsp\u011bvky o&nbsp;sv\u011btov\u00fdch jazyc\u00edch:<\/h2>\n\n\n\n<ul class=\"wp-block-list\">\n<li><strong><a href=\"https:\/\/www.presto.cz\/cz\/anglictina\">Angli\u010dtina<\/a><\/strong><\/li>\n\n\n\n<li><strong><a href=\"https:\/\/www.presto.cz\/cz\/francouzstina\">Francouz\u0161tina<\/a><\/strong><\/li>\n\n\n\n<li><strong><a href=\"https:\/\/www.presto.cz\/cz\/nemcina\">N\u011bm\u010dina<\/a><\/strong><\/li>\n<\/ul>\n","protected":false},"excerpt":{"rendered":"<p>Jazyk, kter\u00fd vznikl po ob\u010dansk\u00e9 v\u00e1lce v&nbsp;b\u00fdval\u00e9 Jugosl\u00e1vii jako standardizovan\u00e1 norma p\u0159edch\u00e1zej\u00edc\u00ed srbochorvat\u0161tiny, se dnes naz\u00fdv\u00e1 bosen\u0161tina. Zaj\u00edm\u00e1 v\u00e1s, kdo t\u00edmto jazykem hovo\u0159\u00ed a&nbsp;\u010d\u00edm se vyzna\u010duje? Co je bosen\u0161tina? Bosen\u0161tina je vedle\u00a0chorvat\u0161tiny\u00a0a\u00a0srb\u0161tiny\u00a0jedn\u00edm ze t\u0159\u00ed \u00fa\u0159edn\u00edch jazyk\u016f na \u00fazem\u00ed Bosny a&nbsp;Hercegoviny (BaH), ale hovo\u0159\u00ed se j\u00ed i&nbsp;v&nbsp;dal\u0161\u00edch zem\u00edch. Jmenovit\u011b v\u00a0Chorvatsku, Srbsku a&nbsp;\u010cern\u00e9 ho\u0159e. Rozd\u00edly mezi bosen\u0161tinou, [&hellip;]<\/p>\n","protected":false},"author":1,"featured_media":2896,"comment_status":"open","ping_status":"open","sticky":false,"template":"","format":"standard","meta":{"footnotes":""},"categories":[22],"tags":[],"class_list":["post-2434","post","type-post","status-publish","format-standard","has-post-thumbnail","hentry","category-slovnik-pojmu"],"meta_box":[],"_links":{"self":[{"href":"https:\/\/www.presto.cz\/cz\/wp-json\/wp\/v2\/posts\/2434","targetHints":{"allow":["GET"]}}],"collection":[{"href":"https:\/\/www.presto.cz\/cz\/wp-json\/wp\/v2\/posts"}],"about":[{"href":"https:\/\/www.presto.cz\/cz\/wp-json\/wp\/v2\/types\/post"}],"author":[{"embeddable":true,"href":"https:\/\/www.presto.cz\/cz\/wp-json\/wp\/v2\/users\/1"}],"replies":[{"embeddable":true,"href":"https:\/\/www.presto.cz\/cz\/wp-json\/wp\/v2\/comments?post=2434"}],"version-history":[{"count":2,"href":"https:\/\/www.presto.cz\/cz\/wp-json\/wp\/v2\/posts\/2434\/revisions"}],"predecessor-version":[{"id":8580,"href":"https:\/\/www.presto.cz\/cz\/wp-json\/wp\/v2\/posts\/2434\/revisions\/8580"}],"wp:featuredmedia":[{"embeddable":true,"href":"https:\/\/www.presto.cz\/cz\/wp-json\/wp\/v2\/media\/2896"}],"wp:attachment":[{"href":"https:\/\/www.presto.cz\/cz\/wp-json\/wp\/v2\/media?parent=2434"}],"wp:term":[{"taxonomy":"category","embeddable":true,"href":"https:\/\/www.presto.cz\/cz\/wp-json\/wp\/v2\/categories?post=2434"},{"taxonomy":"post_tag","embeddable":true,"href":"https:\/\/www.presto.cz\/cz\/wp-json\/wp\/v2\/tags?post=2434"}],"curies":[{"name":"wp","href":"https:\/\/api.w.org\/{rel}","templated":true}]}}