{"id":2369,"date":"2025-03-14T16:57:03","date_gmt":"2025-03-14T15:57:03","guid":{"rendered":"https:\/\/presto.digiamo.cz\/presto\/?p=2369"},"modified":"2025-07-06T14:02:38","modified_gmt":"2025-07-06T12:02:38","slug":"amharstina","status":"publish","type":"post","link":"https:\/\/www.presto.cz\/cz\/amharstina","title":{"rendered":"Amhar\u0161tina"},"content":{"rendered":"\n<p>Kdyby se v\u00e1s n\u011bkdo zeptal, kde na Zemi se domluv\u00edte amharsky, v\u011bd\u011bli byste, co odpov\u011bd\u011bt? Dostali byste ze sebe konkr\u00e9tn\u00ed zemi? Nebo byste se rozhodli pro mo\u017enost, \u017ee se jazykem nemluv\u00ed u\u017e nikde? A&nbsp;co j\u00edt do extr\u00e9mu s&nbsp;t\u00edm, \u017ee jazyk nikdy ani neexistoval?<\/p>\n\n\n\n<p>My v\u00e1m s&nbsp;jistotou m\u016f\u017eeme \u0159\u00edct to, \u017ee minim\u00e1ln\u011b odpov\u011b\u010f na tyto ot\u00e1zky existuje.&nbsp;<strong>Prozrad\u00edme v\u00e1m ji v&nbsp;tomto \u010dl\u00e1nku.<\/strong><\/p>\n\n\n\n<h2 class=\"wp-block-heading\">Amhar\u0161tina\u2026 jazyk, nebo n\u00e1hodn\u011b vygenerovan\u00e9 slovo?<\/h2>\n\n\n\n<p>Je nejsp\u00ed\u0161 jasn\u00e9, \u017ee o&nbsp;n\u00e1hodn\u011b generovan\u00e9m slov\u011b bychom \u010dl\u00e1nek nepsali. Z&nbsp;toho tedy vypl\u00fdv\u00e1, \u017ee amhar\u0161tina jako jazyk skute\u010dn\u011b existuje. A&nbsp;co v\u00edc, jedn\u00e1 se o&nbsp;jazyk v&nbsp;dne\u0161n\u00ed dob\u011b&nbsp;<strong>st\u00e1le vyu\u017e\u00edvan\u00fd<\/strong>, mluv\u010d\u00edch m\u00e1 dokonce&nbsp;<strong>celkem 25 milion\u016f<\/strong>.<\/p>\n\n\n\n<h2 class=\"wp-block-heading\">Oblast roz\u0161\u00ed\u0159en\u00ed<\/h2>\n\n\n\n<p>Jen\u017ee kdo a&nbsp;kde takto mluv\u00ed? Jde o&nbsp;jeden z&nbsp;jazyk\u016f, jeho\u017e p\u016fsobi\u0161t\u011b si z&nbsp;n\u00e1zvu zkr\u00e1tka neodvod\u00edme. Neexistuje Amharsko ani Amharsk\u00e1 republika ani Spojen\u00e9 amharsk\u00e9 st\u00e1ty.<\/p>\n\n\n\n<p>Nebudeme v\u00e1s nap\u00ednat, amhar\u0161tina je\u00a0<strong>jedin\u00fdm\u00a0ofici\u00e1ln\u00edm jazykem\u00a0v\u00a0Etiopii<\/strong>. N\u00e1zev jazyka je pravd\u011bpodobn\u011b odvozen od\u00a0<strong>Amhar\u016f<\/strong>, co\u017e je\u00a0<strong>etnick\u00e1 skupina<\/strong>\u00a0\u017eij\u00edc\u00ed pr\u00e1v\u011b na \u00fazem\u00ed zm\u00edn\u011bn\u00e9ho africk\u00e9ho st\u00e1tu.<\/p>\n\n\n\n<h2 class=\"wp-block-heading\">Dal\u0161\u00ed fakta<\/h2>\n\n\n\n<p>Amhar\u0161tina\u00a0<a href=\"https:\/\/cs.wikipedia.org\/wiki\/Semitsk%C3%A9_jazyky\"><strong>jazyk\u00a0semitsk\u00fd<\/strong><\/a>\u00a0(afroasijsk\u00fd) a&nbsp;pom\u011brn\u011b\u00a0<strong>slo\u017eit\u00fd<\/strong>. Pro grafick\u00fd z\u00e1pis toti\u017e nepou\u017e\u00edv\u00e1 latinku, ale\u00a0<strong>amharsk\u00e9 p\u00edsmo<\/strong>, kter\u00e9 laici s\u00a0nejv\u011bt\u0161\u00ed pravd\u011bpodobnost\u00ed zkr\u00e1tka velmi ne\u0161\u0165astn\u011b pop\u00ed\u0161ou jako rozsypanou r\u00fd\u017ei. D\u00e1le se jazyk vyzna\u010duje t\u0159eba t\u00edm, \u017ee m\u00e1 v\u00edce ne\u017e 10 jmenn\u00fdch rod\u016f.<\/p>\n\n\n\n<h2 class=\"wp-block-heading\">Dal\u0161\u00ed p\u0159\u00edsp\u011bvky o&nbsp;sv\u011btov\u00fdch jazyc\u00edch:<\/h2>\n\n\n\n<ul class=\"wp-block-list\">\n<li><strong><a href=\"https:\/\/www.presto.cz\/cz\/anglictina\">Angli\u010dtina<\/a><\/strong><\/li>\n\n\n\n<li><strong><a href=\"https:\/\/www.presto.cz\/cz\/francouzstina\">Francouz\u0161tina<\/a><\/strong><\/li>\n\n\n\n<li><strong><a href=\"https:\/\/www.presto.cz\/cz\/nemcina\">N\u011bm\u010dina<\/a><\/strong><\/li>\n<\/ul>\n","protected":false},"excerpt":{"rendered":"<p>Kdyby se v\u00e1s n\u011bkdo zeptal, kde na Zemi se domluv\u00edte amharsky, v\u011bd\u011bli byste, co odpov\u011bd\u011bt? Dostali byste ze sebe konkr\u00e9tn\u00ed zemi? Nebo byste se rozhodli pro mo\u017enost, \u017ee se jazykem nemluv\u00ed u\u017e nikde? A&nbsp;co j\u00edt do extr\u00e9mu s&nbsp;t\u00edm, \u017ee jazyk nikdy ani neexistoval? My v\u00e1m s&nbsp;jistotou m\u016f\u017eeme \u0159\u00edct to, \u017ee minim\u00e1ln\u011b odpov\u011b\u010f na tyto ot\u00e1zky [&hellip;]<\/p>\n","protected":false},"author":1,"featured_media":2896,"comment_status":"open","ping_status":"open","sticky":false,"template":"","format":"standard","meta":{"footnotes":""},"categories":[22],"tags":[],"class_list":["post-2369","post","type-post","status-publish","format-standard","has-post-thumbnail","hentry","category-slovnik-pojmu"],"meta_box":[],"_links":{"self":[{"href":"https:\/\/www.presto.cz\/cz\/wp-json\/wp\/v2\/posts\/2369","targetHints":{"allow":["GET"]}}],"collection":[{"href":"https:\/\/www.presto.cz\/cz\/wp-json\/wp\/v2\/posts"}],"about":[{"href":"https:\/\/www.presto.cz\/cz\/wp-json\/wp\/v2\/types\/post"}],"author":[{"embeddable":true,"href":"https:\/\/www.presto.cz\/cz\/wp-json\/wp\/v2\/users\/1"}],"replies":[{"embeddable":true,"href":"https:\/\/www.presto.cz\/cz\/wp-json\/wp\/v2\/comments?post=2369"}],"version-history":[{"count":2,"href":"https:\/\/www.presto.cz\/cz\/wp-json\/wp\/v2\/posts\/2369\/revisions"}],"predecessor-version":[{"id":8546,"href":"https:\/\/www.presto.cz\/cz\/wp-json\/wp\/v2\/posts\/2369\/revisions\/8546"}],"wp:featuredmedia":[{"embeddable":true,"href":"https:\/\/www.presto.cz\/cz\/wp-json\/wp\/v2\/media\/2896"}],"wp:attachment":[{"href":"https:\/\/www.presto.cz\/cz\/wp-json\/wp\/v2\/media?parent=2369"}],"wp:term":[{"taxonomy":"category","embeddable":true,"href":"https:\/\/www.presto.cz\/cz\/wp-json\/wp\/v2\/categories?post=2369"},{"taxonomy":"post_tag","embeddable":true,"href":"https:\/\/www.presto.cz\/cz\/wp-json\/wp\/v2\/tags?post=2369"}],"curies":[{"name":"wp","href":"https:\/\/api.w.org\/{rel}","templated":true}]}}