{"id":2334,"date":"2025-03-14T14:57:15","date_gmt":"2025-03-14T13:57:15","guid":{"rendered":"https:\/\/presto.digiamo.cz\/presto\/?p=2334"},"modified":"2025-07-06T13:10:46","modified_gmt":"2025-07-06T11:10:46","slug":"svetove-jazyky","status":"publish","type":"post","link":"https:\/\/www.presto.cz\/cz\/svetove-jazyky","title":{"rendered":"Sv\u011btov\u00e9 jazyky"},"content":{"rendered":"\n<p>Na sv\u011bt\u011b v&nbsp;sou\u010dasnosti existuje v\u00edce ne\u017e&nbsp;<strong>7 tis\u00edc \u017eiv\u00fdch jazyk\u016f<\/strong>&nbsp;a&nbsp;23 z&nbsp;nich jsou rodn\u00fdm jazykem pro v\u00edce ne\u017e 50 milion\u016f lid\u00ed. Tyto informace nejsou jen zaj\u00edmavost\u00ed, kter\u00e1 v\u00e1s kulturn\u011b obohat\u00ed, ale jsou tak\u00e9 nezbytnost\u00ed pro strategick\u00e9 pl\u00e1nov\u00e1n\u00ed glob\u00e1ln\u00ed expanze v&nbsp;obchodn\u00edm sv\u011bt\u011b, pokud se chcete posouvat na vy\u0161\u0161\u00ed \u00farove\u0148.<\/p>\n\n\n\n<p>Znalost v\u00edce ne\u017e jednoho jazyka v\u00e1m mimo jin\u00e9 poskytne nov\u00e9 obzory a&nbsp;roz\u0161\u00ed\u0159\u00ed va\u0161e kulturn\u00ed porozum\u011bn\u00ed. V&nbsp;t\u00e9to sekci v\u00e1m p\u0159edstav\u00edme zn\u00e1m\u00e9 (i&nbsp;m\u00e9n\u011b zn\u00e1m\u00e9) jazyky ze v\u0161ech kout\u016f sv\u011bta.<\/p>\n\n\n\n<figure class=\"wp-block-image size-large\"><img loading=\"lazy\" decoding=\"async\" width=\"1024\" height=\"697\" src=\"https:\/\/www.presto.cz\/wp-content\/uploads\/2025\/03\/image-23-1024x697.png\" alt=\"\" class=\"wp-image-2335\" srcset=\"https:\/\/www.presto.cz\/wp-content\/uploads\/2025\/03\/image-23-1024x697.png 1024w, https:\/\/www.presto.cz\/wp-content\/uploads\/2025\/03\/image-23-300x204.png 300w, https:\/\/www.presto.cz\/wp-content\/uploads\/2025\/03\/image-23-768x523.png 768w, https:\/\/www.presto.cz\/wp-content\/uploads\/2025\/03\/image-23.png 1080w\" sizes=\"auto, (max-width: 1024px) 100vw, 1024px\" \/><\/figure>\n\n\n\n<h2 class=\"wp-block-heading\">Nejpou\u017e\u00edvan\u011bj\u0161\u00ed sv\u011btov\u00e9 jazyky<\/h2>\n\n\n\n<p>Na sv\u011bt\u011b existuje n\u011bkolik \u017eeb\u0159\u00ed\u010dk\u016f, kter\u00e9 hodnot\u00ed nejpou\u017e\u00edvan\u011bj\u0161\u00ed jazyky a&nbsp;ve sv\u00fdch propo\u010dtech se m\u00edrn\u011b li\u0161\u00ed. To je celkem pochopiteln\u00e9, proto\u017ee spo\u010d\u00edtat v\u0161echny mluv\u010d\u00ed jazyka rozhodn\u011b nen\u00ed jednoduch\u00fd \u00fakol. V\u011bt\u0161ina z&nbsp;nich se ale shoduje v&nbsp;tom, \u017ee mezi 10 nejroz\u0161\u00ed\u0159en\u011bj\u0161\u00edch sv\u011btov\u00fdch jazyk\u016f pat\u0159\u00ed:<\/p>\n\n\n\n<ul class=\"wp-block-list\">\n<li><strong><a href=\"https:\/\/www.presto.cz\/cz\/preklady-anglictiny\">angli\u010dtina<\/a><\/strong><\/li>\n\n\n\n<li><strong><a href=\"https:\/\/www.presto.cz\/cz\/preklady-cinstiny\">\u010d\u00edn\u0161tina<\/a><\/strong><\/li>\n\n\n\n<li><strong><a href=\"https:\/\/www.presto.cz\/cz\/preklady-spanelstiny\">\u0161pan\u011bl\u0161tina<\/a><\/strong><\/li>\n\n\n\n<li><strong><a href=\"https:\/\/www.presto.cz\/cz\/arabstina\">arab\u0161tina<\/a><\/strong><\/li>\n\n\n\n<li><strong>hind\u0161tina<\/strong><\/li>\n\n\n\n<li><a href=\"https:\/\/www.presto.cz\/cz\/preklady-rustiny\"><strong>ru\u0161tina<\/strong><\/a><\/li>\n\n\n\n<li><strong><a href=\"https:\/\/www.presto.cz\/cz\/bengalstina\">beng\u00e1l\u0161tina<\/a><\/strong><\/li>\n\n\n\n<li><strong>portugal\u0161tina<\/strong><\/li>\n\n\n\n<li><strong><a href=\"https:\/\/www.presto.cz\/cz\/preklady-francouzstiny\">francouz\u0161tina<\/a><\/strong><\/li>\n\n\n\n<li><strong><a href=\"https:\/\/www.presto.cz\/cz\/indonestina\">indon\u00e9\u0161tina<\/a><\/strong><\/li>\n<\/ul>\n\n\n\n<h2 class=\"wp-block-heading\">Nejjednodu\u0161\u0161\u00ed sv\u011btov\u00e9 jazyky<\/h2>\n\n\n\n<p>P\u0159em\u00fd\u0161l\u00edte nad t\u00edm, \u017ee byste se za\u010dali u\u010dit ciz\u00ed jazyk, ale nechcete n\u00e1sleduj\u00edc\u00edch 10 let tr\u00e1vit t\u0159\u00edhodinov\u00fdmi jazykov\u00fdmi kurzy? Pak v\u00e1s mo\u017en\u00e1 bude zaj\u00edmat, kter\u00e9 jazyky jsou nejleh\u010d\u00ed na nau\u010den\u00ed. Ned\u00e1 se \u0159\u00edci, \u017ee by existoval jazyk, kter\u00fd je jednodu\u0161\u0161\u00ed ne\u017e ostatn\u00ed, ale mnoho jazyk\u016f se v\u00e1m m\u016f\u017ee u\u010dit mnohem snadn\u011bji ne\u017e jin\u00e9. Obecn\u011b lze hodnotit&nbsp;<strong>3 hlavn\u00ed krit\u00e9ria<\/strong>, kter\u00e9 \u010din\u00ed jazyk pro studenty snadn\u00fdm nebo obt\u00ed\u017en\u00fdm. Pa\u0159\u00ed mezi n\u011b:<\/p>\n\n\n\n<ul class=\"wp-block-list\">\n<li>Jak moc m\u00e1 spole\u010dn\u00e9ho s&nbsp;jazyky, kter\u00e9 zn\u00e1te<\/li>\n\n\n\n<li>Jak slo\u017eit\u00fd je jeho zvukov\u00fd syst\u00e9m<\/li>\n\n\n\n<li>Jak slo\u017eit\u00e1 je jeho gramatika<\/li>\n<\/ul>\n\n\n\n<p>Jak asi sami tu\u0161\u00edte, sestavit \u017eeb\u0159\u00ed\u010dek nejjednodu\u0161\u0161\u00edch sv\u011btov\u00fdch jazyk\u016f nen\u00ed jen tak. Ka\u017ed\u00fd \u010dlov\u011bk m\u00e1 k&nbsp;u\u010den\u00ed jazyk\u016f jin\u00fd p\u0159\u00edstup, tak\u017ee zat\u00edmco pro n\u011bkoho mohou b\u00fdt francouzsk\u00e9 nosovky hra\u010dkou, pro jin\u00e9ho \u010dlov\u011bka mohou b\u00fdt obrovskou p\u0159ek\u00e1\u017ekou. Stejn\u011b tak to m\u016f\u017ee b\u00fdt s&nbsp;u\u010den\u00edm se sklo\u0148ovat n\u011bmeck\u00e1 jm\u00e9na. N\u00ed\u017ee si proto uvedeme nejjednodu\u0161\u0161\u00ed jazyky podle 3 kategori\u00ed.<\/p>\n\n\n\n<h3 class=\"wp-block-heading\">Sv\u011btov\u00e9 jazyky nejjednodu\u0161\u0161\u00ed pro \u010desk\u00e9 mluv\u010d\u00ed<\/h3>\n\n\n\n<ul class=\"wp-block-list\">\n<li><strong>angli\u010dtina<\/strong><\/li>\n\n\n\n<li><strong><a href=\"https:\/\/www.presto.cz\/cz\/polstina\">pol\u0161tina<\/a><\/strong><\/li>\n\n\n\n<li><a href=\"https:\/\/www.presto.cz\/cz\/preklady-italstiny\"><strong>ital\u0161tina<\/strong><\/a><\/li>\n\n\n\n<li><strong><a href=\"https:\/\/www.presto.cz\/cz\/rustina\">ru\u0161tina<\/a><\/strong><\/li>\n\n\n\n<li><strong>indon\u00e9\u0161tina<\/strong><\/li>\n<\/ul>\n\n\n\n<h3 class=\"wp-block-heading\">Sv\u011btov\u00e9 jazyky s&nbsp;nejjednodu\u0161\u0161\u00ed v\u00fdslovnost\u00ed<\/h3>\n\n\n\n<ul class=\"wp-block-list\">\n<li><strong>ital\u0161tina<\/strong><\/li>\n\n\n\n<li><strong>\u0161pan\u011bl\u0161tina<\/strong><\/li>\n\n\n\n<li><strong>japon\u0161tina<\/strong><\/li>\n\n\n\n<li><strong>indon\u00e9\u0161tina<\/strong><\/li>\n\n\n\n<li><strong>malaj\u0161tina<\/strong><\/li>\n<\/ul>\n\n\n\n<h3 class=\"wp-block-heading\">Sv\u011btov\u00e9 jazyky s&nbsp;nejjednodu\u0161\u0161\u00ed gramatikou<\/h3>\n\n\n\n<ul class=\"wp-block-list\">\n<li><strong>esperanto<\/strong><\/li>\n\n\n\n<li><strong>malaj\u0161tina<\/strong><\/li>\n\n\n\n<li><strong><a href=\"https:\/\/www.presto.cz\/cz\/afrikanstina\">afrik\u00e1n\u0161tina<\/a><\/strong><\/li>\n\n\n\n<li><strong>mandar\u00ednsk\u00e1\u00a0\u010d\u00edn\u0161tina<\/strong><\/li>\n\n\n\n<li><strong>ital\u0161tina<\/strong><\/li>\n<\/ul>\n\n\n\n<h2 class=\"wp-block-heading\">Nejt\u011b\u017e\u0161\u00ed sv\u011btov\u00e9 jazyky<\/h2>\n\n\n\n<p>Pokud naopak m\u00e1te r\u00e1di v\u00fdzvy a&nbsp;cht\u011bli byste se nau\u010dit n\u011bjak\u00fd opravdu t\u011b\u017ek\u00fd jazyk, nebo v\u00e1s jednodu\u0161e jen zaj\u00edm\u00e1, kter\u00e9 jazyky jsou nejn\u00e1ro\u010dn\u011bj\u0161\u00ed, m\u00e1me pro v\u00e1s i&nbsp;tento \u017eeb\u0159\u00ed\u010dek. Statistiky t\u00fdkaj\u00edc\u00ed se nejt\u011b\u017e\u0161\u00edch sv\u011btov\u00fdch jazyk\u016f se tak\u00e9 \u010dasto li\u0161\u00ed, jeliko\u017e op\u011bt&nbsp;<strong>z\u00e1le\u017e\u00ed p\u0159edev\u0161\u00edm na n\u00e1rodnosti<\/strong>, kter\u00e1 n\u00e1ro\u010dnost jazyk\u016f hodnot\u00ed. Zat\u00edmco nap\u0159\u00edklad pro anglick\u00e9 mluv\u010d\u00ed m\u016f\u017ee b\u00fdt obt\u00ed\u017en\u00e1 ru\u0161tina, pro \u010desk\u00e9 mluv\u010d\u00ed to m\u016f\u017ee b\u00fdt zase t\u0159eba francouz\u0161tina.<\/p>\n\n\n\n<p>Z\u00a0tohoto d\u016fvodu je stanoven\u00ed nejt\u011b\u017e\u0161\u00edch sv\u011btov\u00fdch jazyk\u016f z\u010d\u00e1sti subjektivn\u00ed z\u00e1le\u017eitost\u00ed. Pokud by v\u00e1s zaj\u00edmalo, jak je na tom\u00a0\u010de\u0161tina, ta podle n\u011bkter\u00fdch statistik pat\u0159\u00ed do top dvac\u00edtky a&nbsp;n\u011bkdy dokonce do top patn\u00e1ctky nejt\u011b\u017e\u0161\u00edch sv\u011btov\u00fdch jazyk\u016f. V\u011bt\u0161ina \u017eeb\u0159\u00ed\u010dk\u016f se v\u0161ak shoduje, \u017ee mezi nejn\u00e1ro\u010dn\u011bj\u0161\u00ed sv\u011btov\u00e9 jazyky pat\u0159\u00ed n\u00e1sleduj\u00edc\u00edch patn\u00e1ct:<\/p>\n\n\n\n<ul class=\"wp-block-list\">\n<li><strong>\u010d\u00edn\u0161tina<\/strong><\/li>\n\n\n\n<li><strong>arab\u0161tina<\/strong><\/li>\n\n\n\n<li><strong>thaj\u0161tina<\/strong><\/li>\n\n\n\n<li><strong>vietnam\u0161tina<\/strong><\/li>\n\n\n\n<li><strong><a href=\"https:\/\/www.presto.cz\/cz\/japonstina\">japon\u0161tina<\/a><\/strong><\/li>\n\n\n\n<li><strong><a href=\"https:\/\/www.presto.cz\/cz\/korejstina\">korej\u0161tina<\/a><\/strong><\/li>\n\n\n\n<li><strong>island\u0161tina<\/strong><\/li>\n\n\n\n<li><strong><a href=\"https:\/\/www.presto.cz\/cz\/finstina\">fin\u0161tina<\/a><\/strong><\/li>\n\n\n\n<li><strong><a href=\"https:\/\/www.presto.cz\/cz\/rectina\">\u0159e\u010dtina<\/a><\/strong><\/li>\n\n\n\n<li><strong><a href=\"https:\/\/www.presto.cz\/cz\/gaelstina\">gael\u0161tina<\/a><\/strong><\/li>\n\n\n\n<li><strong>urd\u0161tina<\/strong><\/li>\n\n\n\n<li><strong>ru\u0161tina<\/strong><\/li>\n\n\n\n<li><strong>ma\u010far\u0161tina<\/strong><\/li>\n\n\n\n<li><strong>francouz\u0161tina<\/strong><\/li>\n\n\n\n<li><strong>eston\u0161tina<\/strong><\/li>\n<\/ul>\n\n\n\n<h2 class=\"wp-block-heading\">Neju\u017eite\u010dn\u011bj\u0161\u00ed jazyky v&nbsp;obchodn\u00edm sv\u011bt\u011b<\/h2>\n\n\n\n<p>Jak se vyv\u00edj\u00ed mezin\u00e1rodn\u00ed obchod, m\u011bn\u00ed se i&nbsp;jazyky pou\u017e\u00edvan\u00e9 ke komunikaci. Od profesion\u00e1ln\u00edch digit\u00e1ln\u00edch spole\u010dnost\u00ed a&nbsp;akademick\u00e9 sf\u00e9ry a\u017e po dopravu a&nbsp;cestov\u00e1n\u00ed, sv\u011bt podnik\u00e1n\u00ed vy\u017eaduje, aby majitel\u00e9 firem ovl\u00e1dali r\u016fzn\u00e9 sv\u011btov\u00e9 jazyky, co\u017e jim umo\u017en\u00ed&nbsp;<strong>expandovat na trhu<\/strong>.<\/p>\n\n\n\n<p>Pokud chcete se sv\u00fdmi produkty \u010di slu\u017ebami oslovit mluv\u010d\u00ed z&nbsp;v\u00edce zem\u00ed a&nbsp;kultur, mus\u00edte i&nbsp;v\u00e1\u0161 byznys pozdvihnout na v\u00edce jazykov\u00fdch \u00farovn\u00ed. Komunikovat s&nbsp;potencion\u00e1ln\u00edmi z\u00e1kazn\u00edky, klienty \u010di obchodn\u00edmi partnery v&nbsp;jejich jazyce m\u016f\u017ee prolomit jazykovou i&nbsp;kulturn\u00ed bari\u00e9ru,&nbsp;<strong>prok\u00e1zat respekt a&nbsp;z\u00edskat d\u016fv\u011bru<\/strong>.<\/p>\n\n\n\n<p>Podle nejnov\u011bj\u0161\u00edch v\u00fdzkum\u016f a\u017e 79&nbsp;% spot\u0159ebitel\u016f d\u00e1v\u00e1 p\u0159ednost n\u00e1kupu produkt\u016f z&nbsp;webov\u00fdch str\u00e1nek v&nbsp;jejich vlastn\u00edm jazyce. Oproti tomu 40&nbsp;% lid\u00ed nikdy nenakoup\u00ed z&nbsp;webov\u00fdch str\u00e1nek v&nbsp;ciz\u00edm jazyce. Pokud tedy chcete roz\u0161\u00ed\u0159it va\u0161e pole p\u016fsobnosti ve sv\u011bt\u011b podnik\u00e1n\u00ed, m\u011blo by v\u00e1s zaj\u00edmat, kter\u00e9 jazyky jsou v&nbsp;obchodn\u00edm sv\u011bt\u011b v&nbsp;sou\u010dasn\u00e9 dob\u011b neju\u017eite\u010dn\u011bj\u0161\u00ed. Pat\u0159\u00ed mezi n\u011b n\u00e1sleduj\u00edc\u00edch patn\u00e1ct:<\/p>\n\n\n\n<ul class=\"wp-block-list\">\n<li><strong>angli\u010dtina<\/strong><\/li>\n\n\n\n<li><strong>\u010d\u00edn\u0161tina<\/strong><\/li>\n\n\n\n<li><strong>francouz\u0161tina<\/strong><\/li>\n\n\n\n<li><strong>\u0161pan\u011bl\u0161tina<\/strong><\/li>\n\n\n\n<li><strong>japon\u0161tina<\/strong><\/li>\n\n\n\n<li><strong>portugal\u0161tina<\/strong><\/li>\n\n\n\n<li><strong>n\u011bm\u010dina<\/strong><\/li>\n\n\n\n<li><strong>hind\u0161tina<\/strong><\/li>\n\n\n\n<li><strong>ru\u0161tina<\/strong><\/li>\n\n\n\n<li><strong>arab\u0161tina<\/strong><\/li>\n\n\n\n<li><strong>ital\u0161tina<\/strong><\/li>\n\n\n\n<li><strong>holand\u0161tina<\/strong><\/li>\n\n\n\n<li><strong>korej\u0161tina<\/strong><\/li>\n\n\n\n<li><strong>svahil\u0161tina<\/strong><\/li>\n\n\n\n<li><strong>indon\u00e9\u0161tina<\/strong><\/li>\n<\/ul>\n\n\n\n<h2 class=\"wp-block-heading\">Zem\u011b s&nbsp;nejv\u00edce mluven\u00fdmi jazyky<\/h2>\n\n\n\n<p>Zat\u00edmco v&nbsp;Evrop\u011b se ve v\u011bt\u0161in\u011b zem\u00ed mluv\u00ed zpravidla jedn\u00edm a\u017e t\u0159emi jazyky, p\u0159\u00edpadn\u011b dal\u0161\u00edmi dialekty, ve sv\u011bt\u011b existuj\u00ed zem\u011b, kde se mluv\u00ed i&nbsp;stovkami jazyk\u016f. Zaj\u00edm\u00e1 v\u00e1s, v&nbsp;kter\u00fdch zem\u00edch se pou\u017e\u00edv\u00e1 nejv\u00edce \u0159e\u010d\u00ed?<\/p>\n\n\n\n<p>Podle katalogu zn\u00e1m\u00fdch sv\u011btov\u00fdch jazyk\u016f Ethnologue je&nbsp;<strong>Papua-Nov\u00e1 Guinea&nbsp;<\/strong>nejv\u00edce mnohojazy\u010dnou zem\u00ed s&nbsp;v\u00edce ne\u017e 839 \u017eiv\u00fdmi jazyky. Dal\u0161\u00edmi zem\u011bmi a&nbsp;\u00fazem\u00edmi na z\u00e1klad\u011b po\u010dtu jazyk\u016f, kter\u00fdmi se v&nbsp;r\u00e1mci jejich hranic mluv\u00ed jako prvn\u00edm jazykem, si uvedeme n\u00ed\u017ee. Zde je 10 zem\u00ed s&nbsp;nejv\u00edce mluven\u00fdmi jazyky:<\/p>\n\n\n\n<ul class=\"wp-block-list\">\n<li>Papua-Nov\u00e1 Guinea \u2013 839<\/li>\n\n\n\n<li>Indon\u00e9sie \u2013 707<\/li>\n\n\n\n<li>Nig\u00e9rie \u2013 526<\/li>\n\n\n\n<li>Indie \u2013 454<\/li>\n\n\n\n<li>Spojen\u00e9 st\u00e1ty americk\u00e9 \u2013 422<\/li>\n\n\n\n<li>\u010c\u00edna \u2013 300<\/li>\n\n\n\n<li>Mexiko \u2013 289<\/li>\n\n\n\n<li>Kamerun \u2013 281<\/li>\n\n\n\n<li>Austr\u00e1lie \u2013 245<\/li>\n\n\n\n<li>Braz\u00edlie \u2013 229<\/li>\n<\/ul>\n\n\n\n<h2 class=\"wp-block-heading\">Dal\u0161\u00ed sv\u011btov\u00e9 jazyky, kter\u00e9 by v\u00e1s mohly zaj\u00edmat<\/h2>\n\n\n\n<p>Jak jsme ji\u017e zm\u00ednili na sam\u00e9m za\u010d\u00e1tku, jazyk\u016f je na cel\u00e9m sv\u011bt\u011b v\u00edce ne\u017e sedm tis\u00edc, a&nbsp;ka\u017ed\u00fd z&nbsp;nich je n\u011b\u010d\u00edm v\u00fdjime\u010dn\u00fd. A\u0165 u\u017e cestujete, chcete se u\u010dit neobvykl\u00e9 jazyky nebo pot\u0159ebujete p\u0159elo\u017eit dokumenty pro r\u016fzn\u00e9 \u00fa\u010dely v&nbsp;ciz\u00edch zem\u00edch, mohly by v\u00e1s tak\u00e9 zaj\u00edmat n\u011bkter\u00e9 z&nbsp;n\u00e1sleduj\u00edc\u00edch jazyk\u016f:<\/p>\n\n\n\n<ul class=\"wp-block-list\">\n<li><a href=\"https:\/\/www.presto.cz\/cz\/akkadstina\"><strong>akkad\u0161tina<\/strong><\/a><\/li>\n\n\n\n<li><strong><a href=\"https:\/\/www.presto.cz\/cz\/amharstina\">amhar\u0161tina<\/a><\/strong><\/li>\n\n\n\n<li><strong><a href=\"https:\/\/www.presto.cz\/cz\/baltske-jazyky\">baltsk\u00e9 jazyky<\/a><\/strong><\/li>\n\n\n\n<li><strong>eston\u0161tina<\/strong><\/li>\n\n\n\n<li><strong>fin\u0161tina<\/strong><\/li>\n\n\n\n<li><a href=\"https:\/\/www.presto.cz\/cz\/chorvatstina\"><strong>chorvat\u0161tina<\/strong><\/a><\/li>\n\n\n\n<li><strong><a href=\"https:\/\/www.presto.cz\/cz\/hebrejstina\">hebrej\u0161tina<\/a><\/strong><\/li>\n\n\n\n<li><strong><a href=\"https:\/\/www.presto.cz\/cz\/svedstina\">\u0161v\u00e9d\u0161tina<\/a><\/strong><\/li>\n\n\n\n<li><a href=\"https:\/\/www.presto.cz\/cz\/nizozemstina\"><strong>nizozem\u0161tina<\/strong><\/a><\/li>\n\n\n\n<li><a href=\"https:\/\/www.presto.cz\/cz\/baskictina\"><strong>baski\u010dtina<\/strong><\/a><\/li>\n\n\n\n<li><strong><a href=\"https:\/\/www.presto.cz\/cz\/armenstina\">arm\u00e9n\u0161tina<\/a><\/strong><\/li>\n\n\n\n<li><a href=\"https:\/\/www.presto.cz\/cz\/aramejstina\"><strong>aramej\u0161tina<\/strong><\/a><\/li>\n\n\n\n<li><strong><a href=\"https:\/\/www.presto.cz\/cz\/bosenstina\">bosen\u0161tina<\/a><\/strong><\/li>\n\n\n\n<li><strong><a href=\"https:\/\/www.presto.cz\/cz\/bretonstina\">breton\u0161tina<\/a><\/strong><\/li>\n\n\n\n<li><strong><a href=\"https:\/\/www.presto.cz\/cz\/cicevstina\">\u010di\u010dev\u0161tina<\/a><\/strong><\/li>\n\n\n\n<li><strong>gael\u0161tina<\/strong><\/li>\n\n\n\n<li><strong><a href=\"https:\/\/www.presto.cz\/cz\/egyptstina\">egypt\u0161tina<\/a><\/strong><\/li>\n\n\n\n<li><a href=\"https:\/\/www.presto.cz\/cz\/bengalstina\"><strong>beng\u00e1l\u0161tina<\/strong><\/a><\/li>\n\n\n\n<li><strong>b\u011bloru\u0161tina<\/strong><\/li>\n\n\n\n<li><strong><a href=\"https:\/\/www.presto.cz\/cz\/staroslovenstina\">staroslov\u011bn\u0161tina<\/a><\/strong><\/li>\n\n\n\n<li><strong><a href=\"https:\/\/www.presto.cz\/cz\/srbochorvatstina\">srbochorvat\u0161tina<\/a><\/strong><\/li>\n\n\n\n<li><strong><a href=\"https:\/\/www.presto.cz\/cz\/semitske-jazyky\">semitsk\u00e9 jazyky<\/a><\/strong><\/li>\n\n\n\n<li><strong><a href=\"https:\/\/www.presto.cz\/cz\/romstina\">rom\u0161tina<\/a><\/strong><\/li>\n\n\n\n<li><strong><a href=\"https:\/\/www.presto.cz\/cz\/rumunstina\">rumun\u0161tina<\/a><\/strong><\/li>\n\n\n\n<li><strong><a href=\"https:\/\/www.presto.cz\/cz\/turectina\">ture\u010dtina<\/a><\/strong><\/li>\n<\/ul>\n","protected":false},"excerpt":{"rendered":"<p>Na sv\u011bt\u011b v&nbsp;sou\u010dasnosti existuje v\u00edce ne\u017e&nbsp;7 tis\u00edc \u017eiv\u00fdch jazyk\u016f&nbsp;a&nbsp;23 z&nbsp;nich jsou rodn\u00fdm jazykem pro v\u00edce ne\u017e 50 milion\u016f lid\u00ed. Tyto informace nejsou jen zaj\u00edmavost\u00ed, kter\u00e1 v\u00e1s kulturn\u011b obohat\u00ed, ale jsou tak\u00e9 nezbytnost\u00ed pro strategick\u00e9 pl\u00e1nov\u00e1n\u00ed glob\u00e1ln\u00ed expanze v&nbsp;obchodn\u00edm sv\u011bt\u011b, pokud se chcete posouvat na vy\u0161\u0161\u00ed \u00farove\u0148. Znalost v\u00edce ne\u017e jednoho jazyka v\u00e1m mimo jin\u00e9 poskytne [&hellip;]<\/p>\n","protected":false},"author":1,"featured_media":2896,"comment_status":"open","ping_status":"open","sticky":false,"template":"","format":"standard","meta":{"footnotes":""},"categories":[22],"tags":[],"class_list":["post-2334","post","type-post","status-publish","format-standard","has-post-thumbnail","hentry","category-slovnik-pojmu"],"meta_box":[],"_links":{"self":[{"href":"https:\/\/www.presto.cz\/cz\/wp-json\/wp\/v2\/posts\/2334","targetHints":{"allow":["GET"]}}],"collection":[{"href":"https:\/\/www.presto.cz\/cz\/wp-json\/wp\/v2\/posts"}],"about":[{"href":"https:\/\/www.presto.cz\/cz\/wp-json\/wp\/v2\/types\/post"}],"author":[{"embeddable":true,"href":"https:\/\/www.presto.cz\/cz\/wp-json\/wp\/v2\/users\/1"}],"replies":[{"embeddable":true,"href":"https:\/\/www.presto.cz\/cz\/wp-json\/wp\/v2\/comments?post=2334"}],"version-history":[{"count":5,"href":"https:\/\/www.presto.cz\/cz\/wp-json\/wp\/v2\/posts\/2334\/revisions"}],"predecessor-version":[{"id":8524,"href":"https:\/\/www.presto.cz\/cz\/wp-json\/wp\/v2\/posts\/2334\/revisions\/8524"}],"wp:featuredmedia":[{"embeddable":true,"href":"https:\/\/www.presto.cz\/cz\/wp-json\/wp\/v2\/media\/2896"}],"wp:attachment":[{"href":"https:\/\/www.presto.cz\/cz\/wp-json\/wp\/v2\/media?parent=2334"}],"wp:term":[{"taxonomy":"category","embeddable":true,"href":"https:\/\/www.presto.cz\/cz\/wp-json\/wp\/v2\/categories?post=2334"},{"taxonomy":"post_tag","embeddable":true,"href":"https:\/\/www.presto.cz\/cz\/wp-json\/wp\/v2\/tags?post=2334"}],"curies":[{"name":"wp","href":"https:\/\/api.w.org\/{rel}","templated":true}]}}