{"id":2288,"date":"2025-03-14T14:36:33","date_gmt":"2025-03-14T13:36:33","guid":{"rendered":"https:\/\/presto.digiamo.cz\/presto\/?p=2288"},"modified":"2025-07-05T15:48:54","modified_gmt":"2025-07-05T13:48:54","slug":"parafa","status":"publish","type":"post","link":"https:\/\/www.presto.cz\/cz\/parafa","title":{"rendered":"Parafa (aktu\u00e1ln\u00ed pro 2025)"},"content":{"rendered":"\n<h2 class=\"wp-block-heading\"><strong>Co je parafa?<\/strong><\/h2>\n\n\n\n<ul class=\"wp-block-list\">\n<li><strong>Parafa<\/strong>&nbsp;je&nbsp;<strong>podpisovou zna\u010dkou<\/strong>&nbsp;a&nbsp;vznik\u00e1 zkr\u00e1cen\u00edm va\u0161eho&nbsp;cel\u00e9ho&nbsp;jm\u00e9na. Po\u010d\u00e1te\u010dn\u00ed p\u00edsmeno m\u016f\u017ee b\u00fdt vytvo\u0159eno&nbsp;z&nbsp;prvn\u00edho p\u00edsmene k\u0159estn\u00edho jm\u00e9na a&nbsp;druh\u00e9 z\u202fprvn\u00edho p\u00edsmene p\u0159\u00edjmen\u00ed. Pokud se jmenujete nap\u0159\u00edklad Michal Ml\u00e1dek,&nbsp;parafa&nbsp;by mohla&nbsp;b\u00fdt vytvo\u0159ena jako MM.&nbsp;&nbsp;<\/li>\n\n\n\n<li><strong>Parafa&nbsp;<\/strong>a<strong>&nbsp;podpis<\/strong>&nbsp;jsou&nbsp;ov\u0161em&nbsp;odli\u0161n\u00e9&nbsp;v\u011bci.&nbsp;Hlavn\u00ed&nbsp;rozd\u00edl&nbsp;spo\u010d\u00edv\u00e1&nbsp;v&nbsp;tom, \u017ee&nbsp;<strong>podpis<\/strong>&nbsp;je obvykle ps\u00e1n v&nbsp;<strong>pln\u00e9m rozsahu<\/strong>&nbsp;a&nbsp;zachycuje&nbsp;cel\u00e9 jm\u00e9no osoby. Na druh\u00e9 stran\u011b&nbsp;parafa&nbsp;je tvo\u0159ena&nbsp;pouze&nbsp;inici\u00e1lami&nbsp;jm\u00e9na a&nbsp;p\u0159\u00edjmen\u00ed. Mohly by v\u0161ak b\u00fdt pou\u017eity&nbsp;<strong>ke stejn\u00e9mu \u00fa\u010delu<\/strong>&nbsp;jako\u017eto&nbsp;n\u00e1stroje k&nbsp;podpisu, schv\u00e1len\u00ed a&nbsp;p\u0159ijet\u00ed dokumentu.&nbsp;&nbsp;<\/li>\n\n\n\n<li><strong>Podpisem<\/strong>&nbsp;se m\u00edn\u00ed&nbsp;p\u00edsemn\u00e9 zobrazen\u00ed jm\u00e9na osoby nebo jej\u00ed p\u0159ezd\u00edvky. Je d\u016fle\u017eit\u00e9 si uv\u011bdomit, \u017ee podpisy se b\u011b\u017en\u011b pou\u017e\u00edvaj\u00ed u&nbsp;dokumentu, aby se&nbsp;<strong>prok\u00e1zal d\u016fkaz toto\u017enosti<\/strong>&nbsp;nebo aby byl dokument p\u0159ijat a&nbsp;<strong>ov\u011b\u0159en jako<\/strong><strong>&nbsp;autentick\u00fd<\/strong>.&nbsp;<\/li>\n<\/ul>\n\n\n\n<h2 class=\"wp-block-heading\"><strong>Parafov\u00e1n\u00ed str\u00e1nek<\/strong><\/h2>\n\n\n\n<ul class=\"wp-block-list\">\n<li>Parafov\u00e1n\u00edm se m\u00edn\u00ed ozna\u010dov\u00e1n\u00ed dokumentu&nbsp;<strong>vlastn\u00ed rukou.<\/strong>&nbsp;Z\u202f\u010deho\u017e vypl\u00edv\u00e1, \u017ee vlastnoru\u010dn\u00ed parafu nelze nahradit \u017e\u00e1dn\u00fdm raz\u00edtkem. Takto je to stanoveno z\u00e1konem.&nbsp;<\/li>\n\n\n\n<li>Parafou jsou ozna\u010dov\u00e1ny zpravidla&nbsp;<strong>v\u0161echny str\u00e1nky dokumentu<\/strong>, \u010d\u00edm\u017e&nbsp;je vyj\u00e1d\u0159en souhlas s\u202fjejich&nbsp;doslovn\u00fdm&nbsp;obsahem.&nbsp;<strong>Parafov\u00e1n\u00ed&nbsp;<\/strong><strong>str\u00e1nek&nbsp;<\/strong>nen\u00ed povinn\u00e9, nicm\u00e9n\u011b se j\u00edm spolu s\u202f\u010d\u00edslov\u00e1n\u00edm&nbsp;str\u00e1nek&nbsp;chr\u00e1n\u00edte p\u0159ed<strong>&nbsp;rozebr\u00e1n\u00edm dokumentu<\/strong>&nbsp;(nap\u0159\u00edklad dodate\u010dn\u00fdm p\u0159id\u00e1n\u00edm str\u00e1nek).&nbsp;Pokud by dokument nebyl chr\u00e1n\u011bn proti rozebr\u00e1n\u00ed, pravd\u011bpodobn\u011b by nebyl n\u00e1sledn\u011b ani podeps\u00e1n p\u0159\u00edslu\u0161nou osobou.&nbsp;<\/li>\n\n\n\n<li>Dokumenty p\u0159edkl\u00e1d\u00e1te k\u202fparafov\u00e1n\u00ed odpov\u011bdn\u00e9mu pracovn\u00edkovi, zpravidla podnikov\u00e9mu\u00a0<strong>pr\u00e1vn\u00edkovi\u00a0<\/strong>nebo\u00a0<strong><a href=\"https:\/\/www.presto.cz\/cz\/prace-prekladatele\">p\u0159ekladateli<\/a><\/strong>.\u00a0Dokument ov\u0161em m\u016f\u017ee parafovat tak\u00e9\u00a0osoba, kter\u00e1 dokument vyhotovila.\u00a0Podpisov\u00e1 zna\u010dka, tedy parafa, je umis\u0165ov\u00e1na v\u202fdokumentu v\u017edy na\u00a0<strong>lev\u00e9m doln\u00edm okraji<\/strong>\u00a0ka\u017ed\u00e9 str\u00e1nky dokumentu.\u00a0<\/li>\n<\/ul>\n\n\n\n<p>*<em>Parafov\u00e1n\u00edm b\u00fdv\u00e1<\/em>&nbsp;<em>tak\u00e9&nbsp;<\/em><em>ozna\u010dov\u00e1n p\u0159edb\u011b\u017en\u00fd&nbsp;<\/em><strong><em>podpis&nbsp;<\/em><\/strong><strong><em>st\u00e1tn\u00edk\u016f<\/em><\/strong><em>&nbsp;v\u202fr\u00e1mci mezin\u00e1rodn\u00ed smlouvy \u010di jin\u00e9ho v\u00fdznamn\u00e9ho dokumentu, kter\u00fd bude<\/em><em>&nbsp;<\/em><em>p\u0159ed\u00e1n ke schv\u00e1len\u00ed a<\/em><em>&nbsp;n\u00e1sledn\u011b ke<\/em><em>&nbsp;slavnostn\u00edmu podpisu.<\/em>&nbsp;<\/p>\n\n\n\n<h2 class=\"wp-block-heading\">P\u0159e\u010dt\u011bte si taky dal\u0161\u00ed zaj\u00edmav\u00e9 p\u0159\u00edsp\u011bvky:<\/h2>\n\n\n\n<ul class=\"wp-block-list\">\n<li><a href=\"page\/apostila-prekladu\"><strong>Apostila<\/strong><\/a><\/li>\n\n\n\n<li><a href=\"page\/superlegalizace-prekladu\"><strong>Superlegalizace<\/strong><\/a><\/li>\n\n\n\n<li><a href=\"page\/preklad-zahranici\"><strong>P\u0159eklady \u00fa\u0159edn\u00edch listin<\/strong><\/a><\/li>\n<\/ul>\n","protected":false},"excerpt":{"rendered":"<p>Co je parafa? Parafov\u00e1n\u00ed str\u00e1nek *Parafov\u00e1n\u00edm b\u00fdv\u00e1&nbsp;tak\u00e9&nbsp;ozna\u010dov\u00e1n p\u0159edb\u011b\u017en\u00fd&nbsp;podpis&nbsp;st\u00e1tn\u00edk\u016f&nbsp;v\u202fr\u00e1mci mezin\u00e1rodn\u00ed smlouvy \u010di jin\u00e9ho v\u00fdznamn\u00e9ho dokumentu, kter\u00fd bude&nbsp;p\u0159ed\u00e1n ke schv\u00e1len\u00ed a&nbsp;n\u00e1sledn\u011b ke&nbsp;slavnostn\u00edmu podpisu.&nbsp; P\u0159e\u010dt\u011bte si taky dal\u0161\u00ed zaj\u00edmav\u00e9 p\u0159\u00edsp\u011bvky:<\/p>\n","protected":false},"author":1,"featured_media":3061,"comment_status":"open","ping_status":"open","sticky":false,"template":"","format":"standard","meta":{"footnotes":""},"categories":[22],"tags":[],"class_list":["post-2288","post","type-post","status-publish","format-standard","has-post-thumbnail","hentry","category-slovnik-pojmu"],"meta_box":[],"_links":{"self":[{"href":"https:\/\/www.presto.cz\/cz\/wp-json\/wp\/v2\/posts\/2288","targetHints":{"allow":["GET"]}}],"collection":[{"href":"https:\/\/www.presto.cz\/cz\/wp-json\/wp\/v2\/posts"}],"about":[{"href":"https:\/\/www.presto.cz\/cz\/wp-json\/wp\/v2\/types\/post"}],"author":[{"embeddable":true,"href":"https:\/\/www.presto.cz\/cz\/wp-json\/wp\/v2\/users\/1"}],"replies":[{"embeddable":true,"href":"https:\/\/www.presto.cz\/cz\/wp-json\/wp\/v2\/comments?post=2288"}],"version-history":[{"count":2,"href":"https:\/\/www.presto.cz\/cz\/wp-json\/wp\/v2\/posts\/2288\/revisions"}],"predecessor-version":[{"id":8500,"href":"https:\/\/www.presto.cz\/cz\/wp-json\/wp\/v2\/posts\/2288\/revisions\/8500"}],"wp:featuredmedia":[{"embeddable":true,"href":"https:\/\/www.presto.cz\/cz\/wp-json\/wp\/v2\/media\/3061"}],"wp:attachment":[{"href":"https:\/\/www.presto.cz\/cz\/wp-json\/wp\/v2\/media?parent=2288"}],"wp:term":[{"taxonomy":"category","embeddable":true,"href":"https:\/\/www.presto.cz\/cz\/wp-json\/wp\/v2\/categories?post=2288"},{"taxonomy":"post_tag","embeddable":true,"href":"https:\/\/www.presto.cz\/cz\/wp-json\/wp\/v2\/tags?post=2288"}],"curies":[{"name":"wp","href":"https:\/\/api.w.org\/{rel}","templated":true}]}}